{"id":1213,"__str__":"Indica\u00e7\u00e3o n\u00ba 95 de 2025","link_detail_backend":"/materia/1213","metadata":{},"numero":95,"ano":2025,"numero_protocolo":null,"data_apresentacao":"2025-04-30","tipo_apresentacao":"E","data_publicacao":null,"numero_origem_externa":"","ano_origem_externa":null,"data_origem_externa":null,"apelido":"","dias_prazo":null,"data_fim_prazo":null,"em_tramitacao":true,"polemica":false,"objeto":"capacita\u00e7\u00e3o cuidadores","complementar":false,"ementa":"N\u00ba 95/2025 de autoria da Vereadora Nat\u00e1lia Fernanda Martins ao Executivo Municipal solicitando curso de capacita\u00e7\u00e3o para cuidadores de idosos de Sales Oliveira/SP, assim como para pessoas que desejam ingressar nesse mercado de trabalho.","indexacao":"","observacao":"","resultado":"","texto_original":"http://sapl.salesoliveira.sp.leg.br/media/sapl/public/materialegislativa/2025/1213/indicacao_n_95_2025_capacitacao_para_cuidador_de_idosos_-_natalia.docx","data_ultima_atualizacao":"2025-05-06T09:25:13.043673-03:00","ip":"181.191.11.150","ultima_edicao":"2025-05-06T09:24:14.510016-03:00","tipo":4,"regime_tramitacao":1,"tipo_origem_externa":null,"local_origem_externa":null,"user":2,"anexadas":[],"autores":[7]}