{"id":248,"__str__":"Projeto de Lei n\u00ba 4 de 2022","link_detail_backend":"/materia/248","metadata":{},"numero":4,"ano":2022,"numero_protocolo":null,"data_apresentacao":"2022-01-07","tipo_apresentacao":"E","data_publicacao":null,"numero_origem_externa":"","ano_origem_externa":null,"data_origem_externa":null,"apelido":"","dias_prazo":null,"data_fim_prazo":null,"em_tramitacao":true,"polemica":false,"objeto":"Altera Cargo Coordenador Meio Ambiente","complementar":false,"ementa":"\u201cAltera o Anexo I da Lei Municipal  n\u00ba 1.868/2017, de 20 de Janeiro de 2017, que disp\u00f5e sobre a atribui\u00e7\u00e3o e requisito de investidura  do Cargo em Comiss\u00e3o de Coordenador do Meio Ambiente\u201d.","indexacao":"","observacao":"","resultado":"","texto_original":"http://sapl.salesoliveira.sp.leg.br/media/sapl/public/materialegislativa/2022/248/projeto_de_lei_no._004-2022_-_altera_meio_ambiente.docx","data_ultima_atualizacao":"2022-02-01T15:12:56.204841-03:00","ip":"181.191.11.155","ultima_edicao":"2022-02-01T15:11:11.104857-03:00","tipo":1,"regime_tramitacao":10,"tipo_origem_externa":null,"local_origem_externa":null,"user":2,"anexadas":[],"autores":[17]}